{"id":3717,"date":"2022-05-20T17:04:57","date_gmt":"2022-05-20T15:04:57","guid":{"rendered":"https:\/\/www.explorecology.com\/?p=3717"},"modified":"2022-05-20T17:04:59","modified_gmt":"2022-05-20T15:04:59","slug":"la-fete-de-lenfance-et-la-biodiversite","status":"publish","type":"post","link":"https:\/\/www.explorecology.com\/index.php\/2022\/05\/20\/la-fete-de-lenfance-et-la-biodiversite\/","title":{"rendered":"La F\u00eate de l&rsquo;enfance et la biodiversit\u00e9"},"content":{"rendered":"\n<p>Lors de la journ\u00e9e de la f\u00eate de l\u2019enfance organis\u00e9e par le service Enfance\/Petite enfance de Saint-Aubin de M\u00e9doc, venez rencontrer notre \u00e9quipe sur le stand d\u2019Exploratory Ecology.<\/p>\n\n\n\n<p>Au programme, d\u00e9couverte de l\u2019univers des papillons autour d\u2019ateliers ludiques : cr\u00e9ation d\u2019un papillon avec du rouleau de papier toilette, dans la peau d\u2019un scientifique observation au microscope des papillons, et autres petits jeux.<\/p>\n\n\n\n<p>Si vous avez manqu\u00e9 notre exposition \u00ab les papillons d\u2019aujourd\u2019hui et de demain \u00bb lors du T\u00e9l\u00e9thon 2021 venez d\u00e9couvrir les ateliers cr\u00e9\u00e9s dans ce cadre ou venez red\u00e9couvrir nos petits jeux.<\/p>\n\n\n\n<p>A tr\u00e8s bient\u00f4t \u00e0 tous\u00a0<img loading=\"lazy\" decoding=\"async\" height=\"16\" width=\"16\" alt=\"?\" src=\"https:\/\/static.xx.fbcdn.net\/images\/emoji.php\/v9\/t8a\/3\/16\/1f642.png\">Informations utiles :<br>le 18 juin de 14h30 \u00e0 18h<br>La Bergerie de l&rsquo;Espace Villepreux<br>80 All. de Cantelaude, 33160 Saint-Aubin-de-M\u00e9doc<br><\/p>\n\n\n\n<figure class=\"wp-block-image size-large\"><img loading=\"lazy\" decoding=\"async\" width=\"1024\" height=\"768\" src=\"https:\/\/www.explorecology.com\/wp-content\/uploads\/2019\/09\/Limenitis-reducta-1024x768.jpg\" alt=\"\" class=\"wp-image-1314\" srcset=\"https:\/\/www.explorecology.com\/wp-content\/uploads\/2019\/09\/Limenitis-reducta-1024x768.jpg 1024w, https:\/\/www.explorecology.com\/wp-content\/uploads\/2019\/09\/Limenitis-reducta-300x225.jpg 300w, https:\/\/www.explorecology.com\/wp-content\/uploads\/2019\/09\/Limenitis-reducta-768x576.jpg 768w\" sizes=\"auto, (max-width: 1024px) 100vw, 1024px\" \/><\/figure>\n","protected":false},"excerpt":{"rendered":"<p>Lors de la journ\u00e9e de la f\u00eate de l\u2019enfance organis\u00e9e par le service Enfance\/Petite enfance de Saint-Aubin de M\u00e9doc, venez rencontrer notre \u00e9quipe sur le stand d\u2019Exploratory Ecology. Au programme, d\u00e9couverte de l\u2019univers des papillons autour d\u2019ateliers ludiques : cr\u00e9ation d\u2019un papillon avec du rouleau de papier toilette, dans la peau d\u2019un scientifique observation au<span class=\"read-more-wrap\"><a class=\"moretag\" href=\"https:\/\/www.explorecology.com\/index.php\/2022\/05\/20\/la-fete-de-lenfance-et-la-biodiversite\/\">Lire la suite<span class=\"screen-reader-text\">La F\u00eate de l&rsquo;enfance et la biodiversit\u00e9<\/span><\/a><\/span><\/p>\n","protected":false},"author":2,"featured_media":1314,"comment_status":"closed","ping_status":"open","sticky":false,"template":"","format":"standard","meta":{"_exactmetrics_skip_tracking":false,"_exactmetrics_sitenote_active":false,"_exactmetrics_sitenote_note":"","_exactmetrics_sitenote_category":0,"footnotes":""},"categories":[32],"tags":[],"class_list":["post-3717","post","type-post","status-publish","format-standard","has-post-thumbnail","hentry","category-actualites-fr"],"yoast_head":"<!-- This site is optimized with the Yoast SEO plugin v27.4 - https:\/\/yoast.com\/product\/yoast-seo-wordpress\/ -->\n<title>La F\u00eate de l&#039;enfance et la biodiversit\u00e9 - Exploratory Ecology<\/title>\n<meta name=\"robots\" content=\"index, follow, max-snippet:-1, max-image-preview:large, max-video-preview:-1\" \/>\n<link rel=\"canonical\" href=\"https:\/\/www.explorecology.com\/index.php\/2022\/05\/20\/la-fete-de-lenfance-et-la-biodiversite\/\" \/>\n<meta property=\"og:locale\" content=\"fr_FR\" \/>\n<meta property=\"og:type\" content=\"article\" \/>\n<meta property=\"og:title\" content=\"La F\u00eate de l&#039;enfance et la biodiversit\u00e9 - Exploratory Ecology\" \/>\n<meta property=\"og:description\" content=\"Lors de la journ\u00e9e de la f\u00eate de l\u2019enfance organis\u00e9e par le service Enfance\/Petite enfance de Saint-Aubin de M\u00e9doc, venez rencontrer notre \u00e9quipe sur le stand d\u2019Exploratory Ecology. Au programme, d\u00e9couverte de l\u2019univers des papillons autour d\u2019ateliers ludiques : cr\u00e9ation d\u2019un papillon avec du rouleau de papier toilette, dans la peau d\u2019un scientifique observation auLire la suiteLa F\u00eate de l&rsquo;enfance et la biodiversit\u00e9\" \/>\n<meta property=\"og:url\" content=\"https:\/\/www.explorecology.com\/index.php\/2022\/05\/20\/la-fete-de-lenfance-et-la-biodiversite\/\" \/>\n<meta property=\"og:site_name\" content=\"Exploratory Ecology\" \/>\n<meta property=\"article:publisher\" content=\"https:\/\/www.facebook.com\/explorecology\/\" \/>\n<meta property=\"article:published_time\" content=\"2022-05-20T15:04:57+00:00\" \/>\n<meta property=\"article:modified_time\" content=\"2022-05-20T15:04:59+00:00\" \/>\n<meta property=\"og:image\" content=\"https:\/\/www.explorecology.com\/wp-content\/uploads\/2019\/09\/Limenitis-reducta.jpg\" \/>\n\t<meta property=\"og:image:width\" content=\"2295\" \/>\n\t<meta property=\"og:image:height\" content=\"1721\" \/>\n\t<meta property=\"og:image:type\" content=\"image\/jpeg\" \/>\n<meta name=\"author\" content=\"Exploratory Ecology\" \/>\n<meta name=\"twitter:card\" content=\"summary_large_image\" \/>\n<meta name=\"twitter:creator\" content=\"@Explorecology\" \/>\n<meta name=\"twitter:site\" content=\"@Explorecology\" \/>\n<meta name=\"twitter:label1\" content=\"\u00c9crit par\" \/>\n\t<meta name=\"twitter:data1\" content=\"Exploratory Ecology\" \/>\n\t<meta name=\"twitter:label2\" content=\"Dur\u00e9e de lecture estim\u00e9e\" \/>\n\t<meta name=\"twitter:data2\" content=\"1 minute\" \/>\n<script type=\"application\/ld+json\" class=\"yoast-schema-graph\">{\"@context\":\"https:\\\/\\\/schema.org\",\"@graph\":[{\"@type\":\"Article\",\"@id\":\"https:\\\/\\\/www.explorecology.com\\\/index.php\\\/2022\\\/05\\\/20\\\/la-fete-de-lenfance-et-la-biodiversite\\\/#article\",\"isPartOf\":{\"@id\":\"https:\\\/\\\/www.explorecology.com\\\/index.php\\\/2022\\\/05\\\/20\\\/la-fete-de-lenfance-et-la-biodiversite\\\/\"},\"author\":{\"name\":\"Exploratory Ecology\",\"@id\":\"https:\\\/\\\/www.explorecology.com\\\/#\\\/schema\\\/person\\\/a457e6bf455804360676f59e310bf12f\"},\"headline\":\"La F\u00eate de l&rsquo;enfance et la biodiversit\u00e9\",\"datePublished\":\"2022-05-20T15:04:57+00:00\",\"dateModified\":\"2022-05-20T15:04:59+00:00\",\"mainEntityOfPage\":{\"@id\":\"https:\\\/\\\/www.explorecology.com\\\/index.php\\\/2022\\\/05\\\/20\\\/la-fete-de-lenfance-et-la-biodiversite\\\/\"},\"wordCount\":142,\"publisher\":{\"@id\":\"https:\\\/\\\/www.explorecology.com\\\/#organization\"},\"image\":{\"@id\":\"https:\\\/\\\/www.explorecology.com\\\/index.php\\\/2022\\\/05\\\/20\\\/la-fete-de-lenfance-et-la-biodiversite\\\/#primaryimage\"},\"thumbnailUrl\":\"https:\\\/\\\/www.explorecology.com\\\/wp-content\\\/uploads\\\/2019\\\/09\\\/Limenitis-reducta.jpg\",\"articleSection\":[\"Actualit\u00e9s\"],\"inLanguage\":\"fr-FR\"},{\"@type\":\"WebPage\",\"@id\":\"https:\\\/\\\/www.explorecology.com\\\/index.php\\\/2022\\\/05\\\/20\\\/la-fete-de-lenfance-et-la-biodiversite\\\/\",\"url\":\"https:\\\/\\\/www.explorecology.com\\\/index.php\\\/2022\\\/05\\\/20\\\/la-fete-de-lenfance-et-la-biodiversite\\\/\",\"name\":\"La F\u00eate de l'enfance et la biodiversit\u00e9 - Exploratory Ecology\",\"isPartOf\":{\"@id\":\"https:\\\/\\\/www.explorecology.com\\\/#website\"},\"primaryImageOfPage\":{\"@id\":\"https:\\\/\\\/www.explorecology.com\\\/index.php\\\/2022\\\/05\\\/20\\\/la-fete-de-lenfance-et-la-biodiversite\\\/#primaryimage\"},\"image\":{\"@id\":\"https:\\\/\\\/www.explorecology.com\\\/index.php\\\/2022\\\/05\\\/20\\\/la-fete-de-lenfance-et-la-biodiversite\\\/#primaryimage\"},\"thumbnailUrl\":\"https:\\\/\\\/www.explorecology.com\\\/wp-content\\\/uploads\\\/2019\\\/09\\\/Limenitis-reducta.jpg\",\"datePublished\":\"2022-05-20T15:04:57+00:00\",\"dateModified\":\"2022-05-20T15:04:59+00:00\",\"breadcrumb\":{\"@id\":\"https:\\\/\\\/www.explorecology.com\\\/index.php\\\/2022\\\/05\\\/20\\\/la-fete-de-lenfance-et-la-biodiversite\\\/#breadcrumb\"},\"inLanguage\":\"fr-FR\",\"potentialAction\":[{\"@type\":\"ReadAction\",\"target\":[\"https:\\\/\\\/www.explorecology.com\\\/index.php\\\/2022\\\/05\\\/20\\\/la-fete-de-lenfance-et-la-biodiversite\\\/\"]}]},{\"@type\":\"ImageObject\",\"inLanguage\":\"fr-FR\",\"@id\":\"https:\\\/\\\/www.explorecology.com\\\/index.php\\\/2022\\\/05\\\/20\\\/la-fete-de-lenfance-et-la-biodiversite\\\/#primaryimage\",\"url\":\"https:\\\/\\\/www.explorecology.com\\\/wp-content\\\/uploads\\\/2019\\\/09\\\/Limenitis-reducta.jpg\",\"contentUrl\":\"https:\\\/\\\/www.explorecology.com\\\/wp-content\\\/uploads\\\/2019\\\/09\\\/Limenitis-reducta.jpg\",\"width\":2295,\"height\":1721},{\"@type\":\"BreadcrumbList\",\"@id\":\"https:\\\/\\\/www.explorecology.com\\\/index.php\\\/2022\\\/05\\\/20\\\/la-fete-de-lenfance-et-la-biodiversite\\\/#breadcrumb\",\"itemListElement\":[{\"@type\":\"ListItem\",\"position\":1,\"name\":\"Accueil\",\"item\":\"https:\\\/\\\/www.explorecology.com\\\/\"},{\"@type\":\"ListItem\",\"position\":2,\"name\":\"La F\u00eate de l&rsquo;enfance et la biodiversit\u00e9\"}]},{\"@type\":\"WebSite\",\"@id\":\"https:\\\/\\\/www.explorecology.com\\\/#website\",\"url\":\"https:\\\/\\\/www.explorecology.com\\\/\",\"name\":\"Exploratory Ecology\",\"description\":\"Association scientifique qui \u00e9tudie les relations entre les esp\u00e8ces et leur environnement pour d\u00e9finir des actions de conservation de la biodiversit\u00e9\",\"publisher\":{\"@id\":\"https:\\\/\\\/www.explorecology.com\\\/#organization\"},\"potentialAction\":[{\"@type\":\"SearchAction\",\"target\":{\"@type\":\"EntryPoint\",\"urlTemplate\":\"https:\\\/\\\/www.explorecology.com\\\/?s={search_term_string}\"},\"query-input\":{\"@type\":\"PropertyValueSpecification\",\"valueRequired\":true,\"valueName\":\"search_term_string\"}}],\"inLanguage\":\"fr-FR\"},{\"@type\":\"Organization\",\"@id\":\"https:\\\/\\\/www.explorecology.com\\\/#organization\",\"name\":\"Exploratory Ecology (ExplorEcology)\",\"url\":\"https:\\\/\\\/www.explorecology.com\\\/\",\"logo\":{\"@type\":\"ImageObject\",\"inLanguage\":\"fr-FR\",\"@id\":\"https:\\\/\\\/www.explorecology.com\\\/#\\\/schema\\\/logo\\\/image\\\/\",\"url\":\"https:\\\/\\\/www.explorecology.com\\\/wp-content\\\/uploads\\\/2019\\\/07\\\/logoE2_Good-5-1.jpg\",\"contentUrl\":\"https:\\\/\\\/www.explorecology.com\\\/wp-content\\\/uploads\\\/2019\\\/07\\\/logoE2_Good-5-1.jpg\",\"width\":1063,\"height\":1066,\"caption\":\"Exploratory Ecology (ExplorEcology)\"},\"image\":{\"@id\":\"https:\\\/\\\/www.explorecology.com\\\/#\\\/schema\\\/logo\\\/image\\\/\"},\"sameAs\":[\"https:\\\/\\\/www.facebook.com\\\/explorecology\\\/\",\"https:\\\/\\\/x.com\\\/Explorecology\",\"https:\\\/\\\/www.instagram.com\\\/explorecology\"]},{\"@type\":\"Person\",\"@id\":\"https:\\\/\\\/www.explorecology.com\\\/#\\\/schema\\\/person\\\/a457e6bf455804360676f59e310bf12f\",\"name\":\"Exploratory Ecology\",\"image\":{\"@type\":\"ImageObject\",\"inLanguage\":\"fr-FR\",\"@id\":\"https:\\\/\\\/secure.gravatar.com\\\/avatar\\\/aaa073459ebdcc441702c0bcd0b12cdcbd89fd55edc14342b3f795285eea9488?s=96&d=mm&r=g\",\"url\":\"https:\\\/\\\/secure.gravatar.com\\\/avatar\\\/aaa073459ebdcc441702c0bcd0b12cdcbd89fd55edc14342b3f795285eea9488?s=96&d=mm&r=g\",\"contentUrl\":\"https:\\\/\\\/secure.gravatar.com\\\/avatar\\\/aaa073459ebdcc441702c0bcd0b12cdcbd89fd55edc14342b3f795285eea9488?s=96&d=mm&r=g\",\"caption\":\"Exploratory Ecology\"},\"sameAs\":[\"http:\\\/\\\/www.explorecology.com\"]}]}<\/script>\n<!-- \/ Yoast SEO plugin. -->","yoast_head_json":{"title":"La F\u00eate de l'enfance et la biodiversit\u00e9 - Exploratory Ecology","robots":{"index":"index","follow":"follow","max-snippet":"max-snippet:-1","max-image-preview":"max-image-preview:large","max-video-preview":"max-video-preview:-1"},"canonical":"https:\/\/www.explorecology.com\/index.php\/2022\/05\/20\/la-fete-de-lenfance-et-la-biodiversite\/","og_locale":"fr_FR","og_type":"article","og_title":"La F\u00eate de l'enfance et la biodiversit\u00e9 - Exploratory Ecology","og_description":"Lors de la journ\u00e9e de la f\u00eate de l\u2019enfance organis\u00e9e par le service Enfance\/Petite enfance de Saint-Aubin de M\u00e9doc, venez rencontrer notre \u00e9quipe sur le stand d\u2019Exploratory Ecology. Au programme, d\u00e9couverte de l\u2019univers des papillons autour d\u2019ateliers ludiques : cr\u00e9ation d\u2019un papillon avec du rouleau de papier toilette, dans la peau d\u2019un scientifique observation auLire la suiteLa F\u00eate de l&rsquo;enfance et la biodiversit\u00e9","og_url":"https:\/\/www.explorecology.com\/index.php\/2022\/05\/20\/la-fete-de-lenfance-et-la-biodiversite\/","og_site_name":"Exploratory Ecology","article_publisher":"https:\/\/www.facebook.com\/explorecology\/","article_published_time":"2022-05-20T15:04:57+00:00","article_modified_time":"2022-05-20T15:04:59+00:00","og_image":[{"width":2295,"height":1721,"url":"https:\/\/www.explorecology.com\/wp-content\/uploads\/2019\/09\/Limenitis-reducta.jpg","type":"image\/jpeg"}],"author":"Exploratory Ecology","twitter_card":"summary_large_image","twitter_creator":"@Explorecology","twitter_site":"@Explorecology","twitter_misc":{"\u00c9crit par":"Exploratory Ecology","Dur\u00e9e de lecture estim\u00e9e":"1 minute"},"schema":{"@context":"https:\/\/schema.org","@graph":[{"@type":"Article","@id":"https:\/\/www.explorecology.com\/index.php\/2022\/05\/20\/la-fete-de-lenfance-et-la-biodiversite\/#article","isPartOf":{"@id":"https:\/\/www.explorecology.com\/index.php\/2022\/05\/20\/la-fete-de-lenfance-et-la-biodiversite\/"},"author":{"name":"Exploratory Ecology","@id":"https:\/\/www.explorecology.com\/#\/schema\/person\/a457e6bf455804360676f59e310bf12f"},"headline":"La F\u00eate de l&rsquo;enfance et la biodiversit\u00e9","datePublished":"2022-05-20T15:04:57+00:00","dateModified":"2022-05-20T15:04:59+00:00","mainEntityOfPage":{"@id":"https:\/\/www.explorecology.com\/index.php\/2022\/05\/20\/la-fete-de-lenfance-et-la-biodiversite\/"},"wordCount":142,"publisher":{"@id":"https:\/\/www.explorecology.com\/#organization"},"image":{"@id":"https:\/\/www.explorecology.com\/index.php\/2022\/05\/20\/la-fete-de-lenfance-et-la-biodiversite\/#primaryimage"},"thumbnailUrl":"https:\/\/www.explorecology.com\/wp-content\/uploads\/2019\/09\/Limenitis-reducta.jpg","articleSection":["Actualit\u00e9s"],"inLanguage":"fr-FR"},{"@type":"WebPage","@id":"https:\/\/www.explorecology.com\/index.php\/2022\/05\/20\/la-fete-de-lenfance-et-la-biodiversite\/","url":"https:\/\/www.explorecology.com\/index.php\/2022\/05\/20\/la-fete-de-lenfance-et-la-biodiversite\/","name":"La F\u00eate de l'enfance et la biodiversit\u00e9 - Exploratory Ecology","isPartOf":{"@id":"https:\/\/www.explorecology.com\/#website"},"primaryImageOfPage":{"@id":"https:\/\/www.explorecology.com\/index.php\/2022\/05\/20\/la-fete-de-lenfance-et-la-biodiversite\/#primaryimage"},"image":{"@id":"https:\/\/www.explorecology.com\/index.php\/2022\/05\/20\/la-fete-de-lenfance-et-la-biodiversite\/#primaryimage"},"thumbnailUrl":"https:\/\/www.explorecology.com\/wp-content\/uploads\/2019\/09\/Limenitis-reducta.jpg","datePublished":"2022-05-20T15:04:57+00:00","dateModified":"2022-05-20T15:04:59+00:00","breadcrumb":{"@id":"https:\/\/www.explorecology.com\/index.php\/2022\/05\/20\/la-fete-de-lenfance-et-la-biodiversite\/#breadcrumb"},"inLanguage":"fr-FR","potentialAction":[{"@type":"ReadAction","target":["https:\/\/www.explorecology.com\/index.php\/2022\/05\/20\/la-fete-de-lenfance-et-la-biodiversite\/"]}]},{"@type":"ImageObject","inLanguage":"fr-FR","@id":"https:\/\/www.explorecology.com\/index.php\/2022\/05\/20\/la-fete-de-lenfance-et-la-biodiversite\/#primaryimage","url":"https:\/\/www.explorecology.com\/wp-content\/uploads\/2019\/09\/Limenitis-reducta.jpg","contentUrl":"https:\/\/www.explorecology.com\/wp-content\/uploads\/2019\/09\/Limenitis-reducta.jpg","width":2295,"height":1721},{"@type":"BreadcrumbList","@id":"https:\/\/www.explorecology.com\/index.php\/2022\/05\/20\/la-fete-de-lenfance-et-la-biodiversite\/#breadcrumb","itemListElement":[{"@type":"ListItem","position":1,"name":"Accueil","item":"https:\/\/www.explorecology.com\/"},{"@type":"ListItem","position":2,"name":"La F\u00eate de l&rsquo;enfance et la biodiversit\u00e9"}]},{"@type":"WebSite","@id":"https:\/\/www.explorecology.com\/#website","url":"https:\/\/www.explorecology.com\/","name":"Exploratory Ecology","description":"Association scientifique qui \u00e9tudie les relations entre les esp\u00e8ces et leur environnement pour d\u00e9finir des actions de conservation de la biodiversit\u00e9","publisher":{"@id":"https:\/\/www.explorecology.com\/#organization"},"potentialAction":[{"@type":"SearchAction","target":{"@type":"EntryPoint","urlTemplate":"https:\/\/www.explorecology.com\/?s={search_term_string}"},"query-input":{"@type":"PropertyValueSpecification","valueRequired":true,"valueName":"search_term_string"}}],"inLanguage":"fr-FR"},{"@type":"Organization","@id":"https:\/\/www.explorecology.com\/#organization","name":"Exploratory Ecology (ExplorEcology)","url":"https:\/\/www.explorecology.com\/","logo":{"@type":"ImageObject","inLanguage":"fr-FR","@id":"https:\/\/www.explorecology.com\/#\/schema\/logo\/image\/","url":"https:\/\/www.explorecology.com\/wp-content\/uploads\/2019\/07\/logoE2_Good-5-1.jpg","contentUrl":"https:\/\/www.explorecology.com\/wp-content\/uploads\/2019\/07\/logoE2_Good-5-1.jpg","width":1063,"height":1066,"caption":"Exploratory Ecology (ExplorEcology)"},"image":{"@id":"https:\/\/www.explorecology.com\/#\/schema\/logo\/image\/"},"sameAs":["https:\/\/www.facebook.com\/explorecology\/","https:\/\/x.com\/Explorecology","https:\/\/www.instagram.com\/explorecology"]},{"@type":"Person","@id":"https:\/\/www.explorecology.com\/#\/schema\/person\/a457e6bf455804360676f59e310bf12f","name":"Exploratory Ecology","image":{"@type":"ImageObject","inLanguage":"fr-FR","@id":"https:\/\/secure.gravatar.com\/avatar\/aaa073459ebdcc441702c0bcd0b12cdcbd89fd55edc14342b3f795285eea9488?s=96&d=mm&r=g","url":"https:\/\/secure.gravatar.com\/avatar\/aaa073459ebdcc441702c0bcd0b12cdcbd89fd55edc14342b3f795285eea9488?s=96&d=mm&r=g","contentUrl":"https:\/\/secure.gravatar.com\/avatar\/aaa073459ebdcc441702c0bcd0b12cdcbd89fd55edc14342b3f795285eea9488?s=96&d=mm&r=g","caption":"Exploratory Ecology"},"sameAs":["http:\/\/www.explorecology.com"]}]}},"_links":{"self":[{"href":"https:\/\/www.explorecology.com\/index.php\/wp-json\/wp\/v2\/posts\/3717","targetHints":{"allow":["GET"]}}],"collection":[{"href":"https:\/\/www.explorecology.com\/index.php\/wp-json\/wp\/v2\/posts"}],"about":[{"href":"https:\/\/www.explorecology.com\/index.php\/wp-json\/wp\/v2\/types\/post"}],"author":[{"embeddable":true,"href":"https:\/\/www.explorecology.com\/index.php\/wp-json\/wp\/v2\/users\/2"}],"replies":[{"embeddable":true,"href":"https:\/\/www.explorecology.com\/index.php\/wp-json\/wp\/v2\/comments?post=3717"}],"version-history":[{"count":1,"href":"https:\/\/www.explorecology.com\/index.php\/wp-json\/wp\/v2\/posts\/3717\/revisions"}],"predecessor-version":[{"id":3718,"href":"https:\/\/www.explorecology.com\/index.php\/wp-json\/wp\/v2\/posts\/3717\/revisions\/3718"}],"wp:featuredmedia":[{"embeddable":true,"href":"https:\/\/www.explorecology.com\/index.php\/wp-json\/wp\/v2\/media\/1314"}],"wp:attachment":[{"href":"https:\/\/www.explorecology.com\/index.php\/wp-json\/wp\/v2\/media?parent=3717"}],"wp:term":[{"taxonomy":"category","embeddable":true,"href":"https:\/\/www.explorecology.com\/index.php\/wp-json\/wp\/v2\/categories?post=3717"},{"taxonomy":"post_tag","embeddable":true,"href":"https:\/\/www.explorecology.com\/index.php\/wp-json\/wp\/v2\/tags?post=3717"}],"curies":[{"name":"wp","href":"https:\/\/api.w.org\/{rel}","templated":true}]}}